{"id":2764,"date":"2022-11-17T11:56:00","date_gmt":"2022-11-17T16:56:00","guid":{"rendered":"https:\/\/internacional.usil.edu.pe\/nacional\/?p=2764"},"modified":"2022-11-30T11:59:18","modified_gmt":"2022-11-30T16:59:18","slug":"despedida-a-los-alumnos-internacionales-2022-02","status":"publish","type":"post","link":"https:\/\/internacional.usil.edu.pe\/nacional\/despedida-a-los-alumnos-internacionales-2022-02\/","title":{"rendered":"Despedida a los Alumnos Internacionales 2022-02"},"content":{"rendered":"\n<p>La Direcci\u00f3n de Relaciones Internacionales USIL realiz\u00f3 una significativa ceremonia de despedida para los 61 alumnos de intercambio provenientes de Europa, Am\u00e9rica del Norte y Am\u00e9rica del Sur.<\/p>\n\n\n\n<p>El evento inici\u00f3 haciendo \u00e9nfasis en las experiencias acad\u00e9micas y sociales que tuvieron nuestros estudiantes durante el per\u00edodo 2022-02.<\/p>\n\n\n\n<figure class=\"wp-block-image\"><img src=\"https:\/\/www.usillife.pe\/wp-content\/uploads\/A-20.jpg\" alt=\"internacionales\" class=\"wp-image-12660\"\/><\/figure>\n\n\n\n<p>Asimismo, se compartieron testimonios y realizaron diversas din\u00e1micas de integraci\u00f3n.<\/p>\n\n\n\n<figure class=\"wp-block-image\"><img src=\"https:\/\/www.usillife.pe\/wp-content\/uploads\/lukas.jpg\" alt=\"internacionales\" class=\"wp-image-12662\"\/><\/figure>\n\n\n\n<p>Durante el encuentro, se cont\u00f3 con la presencia de la MSc. Michele Barton, directora ejecutiva de Relaciones Internacionales USIL, quien brind\u00f3 un emotivo mensaje de despedida a los asistentes.<\/p>\n\n\n\n<p><em>\u201cFue un gusto tenerlos con nosotros. Les agradecemos por haber escogido a USIL para esta experiencia internacional. Esperamos que hayan tenido una gran experiencia en nuestro pa\u00eds y en nuestra universidad\u201d,<\/em>&nbsp;coment\u00f3.<\/p>\n\n\n\n<figure class=\"wp-block-image\"><img src=\"https:\/\/www.usillife.pe\/wp-content\/uploads\/MICHELLE.jpg\" alt=\"internacionales\" class=\"wp-image-12654\"\/><\/figure>\n\n\n\n<p>Conversamos con nuestros alumnos de intercambio para recopilar sus experiencias en Per\u00fa y esto fue lo que nos contaron:<\/p>\n\n\n\n<p><em>\u201cEsta experiencia fue absolutamente fascinante. Conocimos muchas personas hermosas, llevamos cursos en espa\u00f1ol y practicamos el idioma.&nbsp; Tuve la oportunidad de visitar diversas ciudades del Per\u00fa y disfrutar de la comida peruana que es muy buena\u201d,<\/em>&nbsp;coment\u00f3 Darya Borash, estudiante de Vilnius Tech \u2013 Lituania.<\/p>\n\n\n\n<figure class=\"wp-block-image\"><img src=\"https:\/\/www.usillife.pe\/wp-content\/uploads\/3-139.jpg\" alt=\"internacionales\" class=\"wp-image-12655\"\/><\/figure>\n\n\n\n<p><em>\u201cVine a Per\u00fa a buscar un poquito de mis ra\u00edces, conocer la cultura y practicar el espa\u00f1ol. Disfrut\u00e9 mucho de los talleres culturales, porque aprend\u00ed diversas danzas peruanas como la marinera. Adem\u00e1s, hice muchos amigos que s\u00e9 que ser\u00e1n para toda la vida. Realmente, Per\u00fa me cambi\u00f3 como persona y me atrap\u00f3 el coraz\u00f3n. Agradezco a USIL por esta experiencia\u201d,&nbsp;<\/em>destac\u00f3 Ana Gabriela Figueiredo Perez, estudiante de la Universidade Sao Francisco \u2013 Brasil.<\/p>\n\n\n\n<figure class=\"wp-block-image\"><img src=\"https:\/\/www.usillife.pe\/wp-content\/uploads\/1-161.jpg\" alt=\"internacionales\" class=\"wp-image-12656\"\/><\/figure>\n\n\n\n<p><em>\u201cTuve una gran experiencia, Per\u00fa es un pa\u00eds hermoso y muy diverso, tienen una cultura extraordinaria. Estoy muy agradecida con el equipo de USIL, estuvieron siempre dispuestos a ayudarnos y acompa\u00f1arnos\u201d,<\/em>&nbsp;coment\u00f3 Magdalena Schausberger, estudiante de SRH Hochschule Berlin \u2013 Alemania.<\/p>\n\n\n\n<figure class=\"wp-block-image\"><img src=\"https:\/\/www.usillife.pe\/wp-content\/uploads\/2-170.jpg\" alt=\"internacionales\" class=\"wp-image-12658\"\/><\/figure>\n\n\n\n<p><em>\u201cLa experiencia en USIL ha sido incre\u00edble, desde el primer momento en el que uno baja del avi\u00f3n experimenta cosas que uno no se imaginaba. Mis cursos favoritos fueron cocina oriental y cocina peruana\u201d,<\/em>&nbsp;coment\u00f3 Lisset Garc\u00eda Rinc\u00f3n, estudiante de la Universidad Aut\u00f3noma de Bucaramanga \u2013 Colombia.<\/p>\n\n\n\n<figure class=\"wp-block-image\"><img src=\"https:\/\/www.usillife.pe\/wp-content\/uploads\/4-100.jpg\" alt=\"internacionales\" class=\"wp-image-12657\"\/><\/figure>\n\n\n\n<p>Tras dos a\u00f1os de pandemia, USIL se despide del primer grupo de alumnos de intercambio que regresan de manera presencial a nuestros campus y mantiene su compromiso con seguir ofreciendo educaci\u00f3n de calidad para el Per\u00fa y el mundo.<\/p>\n\n\n\n<p>Si quieres m\u00e1s informaci\u00f3n sobre los programas internacionales que nuestra universidad tiene para ti, escribe a&nbsp;<a href=\"mailto:international@usil.edu.pe\">international@usil.edu.pe<\/a><\/p>\n","protected":false},"excerpt":{"rendered":"<p>La Direcci\u00f3n de Relaciones Internacionales USIL realiz\u00f3 una significativa ceremonia de despedida para los 61 alumnos de intercambio provenientes de Europa, Am\u00e9rica del Norte y Am\u00e9rica del Sur. El evento inici\u00f3 haciendo \u00e9nfasis en las experiencias acad\u00e9micas y sociales que tuvieron nuestros estudiantes durante el per\u00edodo 2022-02. Asimismo, se compartieron testimonios y realizaron diversas din\u00e1micas [&hellip;]<\/p>\n","protected":false},"author":2,"featured_media":2766,"comment_status":"open","ping_status":"open","sticky":false,"template":"","format":"standard","meta":[],"categories":[1],"tags":[],"facultad":[],"_links":{"self":[{"href":"https:\/\/internacional.usil.edu.pe\/nacional\/wp-json\/wp\/v2\/posts\/2764"}],"collection":[{"href":"https:\/\/internacional.usil.edu.pe\/nacional\/wp-json\/wp\/v2\/posts"}],"about":[{"href":"https:\/\/internacional.usil.edu.pe\/nacional\/wp-json\/wp\/v2\/types\/post"}],"author":[{"embeddable":true,"href":"https:\/\/internacional.usil.edu.pe\/nacional\/wp-json\/wp\/v2\/users\/2"}],"replies":[{"embeddable":true,"href":"https:\/\/internacional.usil.edu.pe\/nacional\/wp-json\/wp\/v2\/comments?post=2764"}],"version-history":[{"count":2,"href":"https:\/\/internacional.usil.edu.pe\/nacional\/wp-json\/wp\/v2\/posts\/2764\/revisions"}],"predecessor-version":[{"id":2768,"href":"https:\/\/internacional.usil.edu.pe\/nacional\/wp-json\/wp\/v2\/posts\/2764\/revisions\/2768"}],"wp:featuredmedia":[{"embeddable":true,"href":"https:\/\/internacional.usil.edu.pe\/nacional\/wp-json\/wp\/v2\/media\/2766"}],"wp:attachment":[{"href":"https:\/\/internacional.usil.edu.pe\/nacional\/wp-json\/wp\/v2\/media?parent=2764"}],"wp:term":[{"taxonomy":"category","embeddable":true,"href":"https:\/\/internacional.usil.edu.pe\/nacional\/wp-json\/wp\/v2\/categories?post=2764"},{"taxonomy":"post_tag","embeddable":true,"href":"https:\/\/internacional.usil.edu.pe\/nacional\/wp-json\/wp\/v2\/tags?post=2764"},{"taxonomy":"facultad","embeddable":true,"href":"https:\/\/internacional.usil.edu.pe\/nacional\/wp-json\/wp\/v2\/facultad?post=2764"}],"curies":[{"name":"wp","href":"https:\/\/api.w.org\/{rel}","templated":true}]}}