{"id":2361,"date":"2022-03-23T22:35:24","date_gmt":"2022-03-24T03:35:24","guid":{"rendered":"https:\/\/internacional.usil.edu.pe\/nacional\/?p=2361"},"modified":"2022-03-23T22:35:24","modified_gmt":"2022-03-24T03:35:24","slug":"lanzamos-nuestro-canal-de-podcast","status":"publish","type":"post","link":"https:\/\/internacional.usil.edu.pe\/nacional\/lanzamos-nuestro-canal-de-podcast\/","title":{"rendered":"\u00a1Lanzamos nuestro canal de PODCAST!"},"content":{"rendered":"\n<p>La Direcci\u00f3n de Relaciones Internacionales le complace en compartir su canal de PODCAST en Spotify, con el fin de poder darle mayor visibilidad a los programas internacionales. Nos pueden encontrar en Spotify como USIL International.<\/p>\n\n\n\n<p>Hemos desarrollado 7 temas distintos:<\/p>\n\n\n\n<ul><li>Taller Global Leadership Skills<\/li><li>Taller Social Media &amp; Marca Personal<\/li><li>Intercambio Acad\u00e9mico Virtual<\/li><li>Internacionalizaci\u00f3n de la Facultad de Humanidades<\/li><li>Experiencias Internacionales de alumnos USIL y alumnos Internacionales.&nbsp;<\/li><li>Misi\u00f3n Internacional con la Universidad Polit\u00e9cnica de Madrid, Espa\u00f1a<\/li><\/ul>\n\n\n\n<p><a href=\"https:\/\/internacional.usil.edu.pe\/nacional\/podcasts\/\">S\u00edguenos en USIL International.<\/a><\/p>\n","protected":false},"excerpt":{"rendered":"<p>La Direcci\u00f3n de Relaciones Internacionales le complace en compartir su canal de PODCAST en Spotify, con el fin de poder darle mayor visibilidad a los programas internacionales. Nos pueden encontrar en Spotify como USIL International. Hemos desarrollado 7 temas distintos: Taller Global Leadership Skills Taller Social Media &amp; Marca Personal Intercambio Acad\u00e9mico Virtual Internacionalizaci\u00f3n de [&hellip;]<\/p>\n","protected":false},"author":2,"featured_media":2342,"comment_status":"open","ping_status":"open","sticky":false,"template":"","format":"standard","meta":[],"categories":[395],"tags":[],"facultad":[],"_links":{"self":[{"href":"https:\/\/internacional.usil.edu.pe\/nacional\/wp-json\/wp\/v2\/posts\/2361"}],"collection":[{"href":"https:\/\/internacional.usil.edu.pe\/nacional\/wp-json\/wp\/v2\/posts"}],"about":[{"href":"https:\/\/internacional.usil.edu.pe\/nacional\/wp-json\/wp\/v2\/types\/post"}],"author":[{"embeddable":true,"href":"https:\/\/internacional.usil.edu.pe\/nacional\/wp-json\/wp\/v2\/users\/2"}],"replies":[{"embeddable":true,"href":"https:\/\/internacional.usil.edu.pe\/nacional\/wp-json\/wp\/v2\/comments?post=2361"}],"version-history":[{"count":1,"href":"https:\/\/internacional.usil.edu.pe\/nacional\/wp-json\/wp\/v2\/posts\/2361\/revisions"}],"predecessor-version":[{"id":2362,"href":"https:\/\/internacional.usil.edu.pe\/nacional\/wp-json\/wp\/v2\/posts\/2361\/revisions\/2362"}],"wp:featuredmedia":[{"embeddable":true,"href":"https:\/\/internacional.usil.edu.pe\/nacional\/wp-json\/wp\/v2\/media\/2342"}],"wp:attachment":[{"href":"https:\/\/internacional.usil.edu.pe\/nacional\/wp-json\/wp\/v2\/media?parent=2361"}],"wp:term":[{"taxonomy":"category","embeddable":true,"href":"https:\/\/internacional.usil.edu.pe\/nacional\/wp-json\/wp\/v2\/categories?post=2361"},{"taxonomy":"post_tag","embeddable":true,"href":"https:\/\/internacional.usil.edu.pe\/nacional\/wp-json\/wp\/v2\/tags?post=2361"},{"taxonomy":"facultad","embeddable":true,"href":"https:\/\/internacional.usil.edu.pe\/nacional\/wp-json\/wp\/v2\/facultad?post=2361"}],"curies":[{"name":"wp","href":"https:\/\/api.w.org\/{rel}","templated":true}]}}