{"id":2353,"date":"2022-03-23T22:28:48","date_gmt":"2022-03-24T03:28:48","guid":{"rendered":"https:\/\/internacional.usil.edu.pe\/nacional\/?p=2353"},"modified":"2022-03-23T22:28:48","modified_gmt":"2022-03-24T03:28:48","slug":"despedida-de-alumnos-internacionales-2021-2","status":"publish","type":"post","link":"https:\/\/internacional.usil.edu.pe\/nacional\/despedida-de-alumnos-internacionales-2021-2\/","title":{"rendered":"Despedida de alumnos Internacionales 2021-2"},"content":{"rendered":"\n<p>153 alumnos internacionales de pa\u00edses como Alemania, Argentina, Brasil, Chile, Colombia, Dinamarca, Ecuador, Francia, M\u00e9xico, y Suecia tuvieron su evento de despedida el pasado 26 de diciembre, contando con la participaci\u00f3n de Michele Barton, Directora de Relaciones Internacionales y el Gran Canciller de USIL, Dr. Ramiro Salas Bravo. Agradecemos a nuestras universidades socias por su confianza, y a los alumnos internacionales por todo su esfuerzo y dedicaci\u00f3n. \u00a1\u00c9xitos!<\/p>\n","protected":false},"excerpt":{"rendered":"<p>153 alumnos internacionales de pa\u00edses como Alemania, Argentina, Brasil, Chile, Colombia, Dinamarca, Ecuador, Francia, M\u00e9xico, y Suecia tuvieron su evento de despedida el pasado 26 de diciembre, contando con la participaci\u00f3n de Michele Barton, Directora de Relaciones Internacionales y el Gran Canciller de USIL, Dr. Ramiro Salas Bravo. Agradecemos a nuestras universidades socias por su [&hellip;]<\/p>\n","protected":false},"author":2,"featured_media":2337,"comment_status":"open","ping_status":"open","sticky":false,"template":"","format":"standard","meta":[],"categories":[395],"tags":[],"facultad":[],"_links":{"self":[{"href":"https:\/\/internacional.usil.edu.pe\/nacional\/wp-json\/wp\/v2\/posts\/2353"}],"collection":[{"href":"https:\/\/internacional.usil.edu.pe\/nacional\/wp-json\/wp\/v2\/posts"}],"about":[{"href":"https:\/\/internacional.usil.edu.pe\/nacional\/wp-json\/wp\/v2\/types\/post"}],"author":[{"embeddable":true,"href":"https:\/\/internacional.usil.edu.pe\/nacional\/wp-json\/wp\/v2\/users\/2"}],"replies":[{"embeddable":true,"href":"https:\/\/internacional.usil.edu.pe\/nacional\/wp-json\/wp\/v2\/comments?post=2353"}],"version-history":[{"count":1,"href":"https:\/\/internacional.usil.edu.pe\/nacional\/wp-json\/wp\/v2\/posts\/2353\/revisions"}],"predecessor-version":[{"id":2354,"href":"https:\/\/internacional.usil.edu.pe\/nacional\/wp-json\/wp\/v2\/posts\/2353\/revisions\/2354"}],"wp:featuredmedia":[{"embeddable":true,"href":"https:\/\/internacional.usil.edu.pe\/nacional\/wp-json\/wp\/v2\/media\/2337"}],"wp:attachment":[{"href":"https:\/\/internacional.usil.edu.pe\/nacional\/wp-json\/wp\/v2\/media?parent=2353"}],"wp:term":[{"taxonomy":"category","embeddable":true,"href":"https:\/\/internacional.usil.edu.pe\/nacional\/wp-json\/wp\/v2\/categories?post=2353"},{"taxonomy":"post_tag","embeddable":true,"href":"https:\/\/internacional.usil.edu.pe\/nacional\/wp-json\/wp\/v2\/tags?post=2353"},{"taxonomy":"facultad","embeddable":true,"href":"https:\/\/internacional.usil.edu.pe\/nacional\/wp-json\/wp\/v2\/facultad?post=2353"}],"curies":[{"name":"wp","href":"https:\/\/api.w.org\/{rel}","templated":true}]}}