{"id":2111,"date":"2021-05-30T14:13:00","date_gmt":"2021-05-30T19:13:00","guid":{"rendered":"https:\/\/internacional.usil.edu.pe\/nacional\/?p=2111"},"modified":"2021-08-09T19:16:41","modified_gmt":"2021-08-10T00:16:41","slug":"colaboracion-internaciona-profesor-visitante-2021-1","status":"publish","type":"post","link":"https:\/\/internacional.usil.edu.pe\/nacional\/colaboracion-internaciona-profesor-visitante-2021-1\/","title":{"rendered":"Colaboraci\u00f3n Internacional \u201cProfesor Visitante 2021-1\u201d"},"content":{"rendered":"\n<p>A fin de desarrollar el Plan de Internacionalizaci\u00f3n de nuestras facultades, la Direcci\u00f3n de Relaciones Internacionales presenta el formato:&nbsp;<strong>Profesor Visitante<\/strong>.<\/p>\n\n\n\n<p>Esta iniciativa busca compartir los conocimientos de los docentes, tanto de USIL como de otras instituciones internacionales, con estudiantes de todo el mundo a trav\u00e9s de un intercambio&nbsp;<em>online<\/em>.<\/p>\n\n\n\n<p>En abril se inici\u00f3 el programa con las primeras visitas en la Facultad de Humanidades. La Carrera de Arte y Dise\u00f1o Empresarial cont\u00f3 con la participaci\u00f3n de Gabriela Poltronieri, docente de la UNIFEBE de Brasil, quien realiz\u00f3 una clase virtual en el curso de Antropolog\u00eda y Dise\u00f1o.<\/p>\n\n\n\n<figure class=\"wp-block-image size-large\"><img loading=\"lazy\" width=\"800\" height=\"450\" src=\"https:\/\/internacional.usil.edu.pe\/nacional\/wp-content\/uploads\/2021\/05\/1.jpg\" alt=\"\" class=\"wp-image-2112\" srcset=\"https:\/\/internacional.usil.edu.pe\/nacional\/wp-content\/uploads\/2021\/05\/1.jpg 800w, https:\/\/internacional.usil.edu.pe\/nacional\/wp-content\/uploads\/2021\/05\/1-300x169.jpg 300w, https:\/\/internacional.usil.edu.pe\/nacional\/wp-content\/uploads\/2021\/05\/1-768x432.jpg 768w\" sizes=\"(max-width: 800px) 100vw, 800px\" \/><\/figure>\n\n\n\n<p>Adem\u00e1s, la Carrera de M\u00fasica cont\u00f3 con la ponencia de Samuel Farley, docente de la Universidad EAFIT de Colombia, quien desarroll\u00f3 una clase de piano para el Curso de Instrumento.<\/p>\n\n\n\n<figure class=\"wp-block-image size-large\"><img loading=\"lazy\" width=\"800\" height=\"450\" src=\"https:\/\/internacional.usil.edu.pe\/nacional\/wp-content\/uploads\/2021\/05\/2.jpg\" alt=\"\" class=\"wp-image-2113\" srcset=\"https:\/\/internacional.usil.edu.pe\/nacional\/wp-content\/uploads\/2021\/05\/2.jpg 800w, https:\/\/internacional.usil.edu.pe\/nacional\/wp-content\/uploads\/2021\/05\/2-300x169.jpg 300w, https:\/\/internacional.usil.edu.pe\/nacional\/wp-content\/uploads\/2021\/05\/2-768x432.jpg 768w\" sizes=\"(max-width: 800px) 100vw, 800px\" \/><\/figure>\n\n\n\n<p>Asimismo, la carrera tuvo la ponencia de Mar\u00eda Carolina D\u00e1vila Llin\u00e1s, docente de la Universidad Cat\u00f3lica Luis Amig\u00f3 de Colombia, quien comparti\u00f3 una clase sobre el desarrollo de la M\u00fasica Colombiana.<\/p>\n\n\n\n<figure class=\"wp-block-image size-large\"><img loading=\"lazy\" width=\"800\" height=\"450\" src=\"https:\/\/internacional.usil.edu.pe\/nacional\/wp-content\/uploads\/2021\/05\/3.jpg\" alt=\"\" class=\"wp-image-2114\" srcset=\"https:\/\/internacional.usil.edu.pe\/nacional\/wp-content\/uploads\/2021\/05\/3.jpg 800w, https:\/\/internacional.usil.edu.pe\/nacional\/wp-content\/uploads\/2021\/05\/3-300x169.jpg 300w, https:\/\/internacional.usil.edu.pe\/nacional\/wp-content\/uploads\/2021\/05\/3-768x432.jpg 768w\" sizes=\"(max-width: 800px) 100vw, 800px\" \/><\/figure>\n\n\n\n<p>Por otro lado, la Carrera de Comunicaciones cont\u00f3 con la ponencia de Mar\u00eda Cristina Ocampo, docente de la Universidad de la Sabana, quien desarroll\u00f3 una exposici\u00f3n en donde se identificaron problem\u00e1ticas sociales y se promovi\u00f3 la elaboraci\u00f3n de campa\u00f1as sensibilizadoras en t\u00e9rminos publicitarios.<\/p>\n\n\n\n<figure class=\"wp-block-image size-large\"><img loading=\"lazy\" width=\"800\" height=\"450\" src=\"https:\/\/internacional.usil.edu.pe\/nacional\/wp-content\/uploads\/2021\/05\/4.jpg\" alt=\"\" class=\"wp-image-2115\" srcset=\"https:\/\/internacional.usil.edu.pe\/nacional\/wp-content\/uploads\/2021\/05\/4.jpg 800w, https:\/\/internacional.usil.edu.pe\/nacional\/wp-content\/uploads\/2021\/05\/4-300x169.jpg 300w, https:\/\/internacional.usil.edu.pe\/nacional\/wp-content\/uploads\/2021\/05\/4-768x432.jpg 768w\" sizes=\"(max-width: 800px) 100vw, 800px\" \/><\/figure>\n\n\n\n<p>Cabe destacar que, los docentes USIL: Rafael Vivanco Alvarez, de la Carrera de Arte y Dise\u00f1o; Enrique Purizaga Aguirre, de la Carrera de M\u00fasica; Pedro C\u00f3rdoba Piscoya, de la Carrera de Comunicaciones y Edgar V\u00e1squez Sandoval, de la Carrera de M\u00fasica; fueron nuestros representantes como profesores visitantes en la UNIFEBE de Brasil, la Universidad EAFIT de Colombia, la Universidad de la Sabana de Colombia y la Universidad Cat\u00f3lica Luis Amig\u00f3, respectivamente.<\/p>\n\n\n\n<figure class=\"wp-block-image size-large\"><img loading=\"lazy\" width=\"800\" height=\"450\" src=\"https:\/\/internacional.usil.edu.pe\/nacional\/wp-content\/uploads\/2021\/05\/5.jpg\" alt=\"\" class=\"wp-image-2116\" srcset=\"https:\/\/internacional.usil.edu.pe\/nacional\/wp-content\/uploads\/2021\/05\/5.jpg 800w, https:\/\/internacional.usil.edu.pe\/nacional\/wp-content\/uploads\/2021\/05\/5-300x169.jpg 300w, https:\/\/internacional.usil.edu.pe\/nacional\/wp-content\/uploads\/2021\/05\/5-768x432.jpg 768w\" sizes=\"(max-width: 800px) 100vw, 800px\" \/><\/figure>\n\n\n\n<p>A trav\u00e9s del formato<em>&nbsp;\u201cProfesor Visitante\u201d<\/em>, USIL promueve la internacionalizaci\u00f3n de su plana docente y su comunidad estudiantil.<\/p>\n","protected":false},"excerpt":{"rendered":"<p>A fin de desarrollar el Plan de Internacionalizaci\u00f3n de nuestras facultades, la Direcci\u00f3n de Relaciones Internacionales presenta el formato:&nbsp;Profesor Visitante. Esta iniciativa busca compartir los conocimientos de los docentes, tanto de USIL como de otras instituciones internacionales, con estudiantes de todo el mundo a trav\u00e9s de un intercambio&nbsp;online. En abril se inici\u00f3 el programa con [&hellip;]<\/p>\n","protected":false},"author":2,"featured_media":2115,"comment_status":"open","ping_status":"open","sticky":false,"template":"","format":"standard","meta":[],"categories":[395],"tags":[],"facultad":[],"_links":{"self":[{"href":"https:\/\/internacional.usil.edu.pe\/nacional\/wp-json\/wp\/v2\/posts\/2111"}],"collection":[{"href":"https:\/\/internacional.usil.edu.pe\/nacional\/wp-json\/wp\/v2\/posts"}],"about":[{"href":"https:\/\/internacional.usil.edu.pe\/nacional\/wp-json\/wp\/v2\/types\/post"}],"author":[{"embeddable":true,"href":"https:\/\/internacional.usil.edu.pe\/nacional\/wp-json\/wp\/v2\/users\/2"}],"replies":[{"embeddable":true,"href":"https:\/\/internacional.usil.edu.pe\/nacional\/wp-json\/wp\/v2\/comments?post=2111"}],"version-history":[{"count":2,"href":"https:\/\/internacional.usil.edu.pe\/nacional\/wp-json\/wp\/v2\/posts\/2111\/revisions"}],"predecessor-version":[{"id":2119,"href":"https:\/\/internacional.usil.edu.pe\/nacional\/wp-json\/wp\/v2\/posts\/2111\/revisions\/2119"}],"wp:featuredmedia":[{"embeddable":true,"href":"https:\/\/internacional.usil.edu.pe\/nacional\/wp-json\/wp\/v2\/media\/2115"}],"wp:attachment":[{"href":"https:\/\/internacional.usil.edu.pe\/nacional\/wp-json\/wp\/v2\/media?parent=2111"}],"wp:term":[{"taxonomy":"category","embeddable":true,"href":"https:\/\/internacional.usil.edu.pe\/nacional\/wp-json\/wp\/v2\/categories?post=2111"},{"taxonomy":"post_tag","embeddable":true,"href":"https:\/\/internacional.usil.edu.pe\/nacional\/wp-json\/wp\/v2\/tags?post=2111"},{"taxonomy":"facultad","embeddable":true,"href":"https:\/\/internacional.usil.edu.pe\/nacional\/wp-json\/wp\/v2\/facultad?post=2111"}],"curies":[{"name":"wp","href":"https:\/\/api.w.org\/{rel}","templated":true}]}}