{"id":2017,"date":"2021-03-29T10:49:30","date_gmt":"2021-03-29T15:49:30","guid":{"rendered":"https:\/\/internacional.usil.edu.pe\/nacional\/?p=2017"},"modified":"2021-03-29T10:49:31","modified_gmt":"2021-03-29T15:49:31","slug":"nuevos-convenios-internacionales","status":"publish","type":"post","link":"https:\/\/internacional.usil.edu.pe\/nacional\/nuevos-convenios-internacionales\/","title":{"rendered":"Nuevos convenios internacionales"},"content":{"rendered":"\n<p>La Universidad San Ignacio de Loyola firm\u00f3 importante Convenio de Cooperaci\u00f3n Acad\u00e9mica con la Escuela de Derecho de la Fundaci\u00f3n Getulio Vargas. Este acuerdo permitir\u00e1 a nuestro claustro acad\u00e9mico de la Facultad de Derecho, poder ser part\u00edcipe de los diferentes proyectos de colaboraci\u00f3n conjunta internacional como Visiting Professor, Intercambios Acad\u00e9micos de alumnos y docentes, proyectos COIL, entre otras actividades que se consideren en conjunto. Este convenio abre paso a fomentar la globalizaci\u00f3n en USIL.<\/p>\n\n\n\n<p>Tambi\u00e9n nos gustar\u00eda celebrar el convenio interinstitucional con la Universidad de Ankara de Turqu\u00eda, socio estrat\u00e9gico para las carreras de Ingenier\u00eda Inform\u00e1tica y de Sistemas, Ingenier\u00eda en Industrias Alimentarias, Medicina y Relaciones Internacionales. Fundada en 1946, la Universidad de Ankara ahora tiene casi 70.000 estudiantes en sus 17 facultades. Actualmente est\u00e1 clasificada entre las 450 mejores universidades del mundo en medicina y ocupa el puesto 701+ en el QS World University Rankings.<\/p>\n\n\n\n<p>Asimismo, felicitamos a nuestro partner Universidad Esp\u00edritu Santo de Ecuador qui\u00e9n recientemente obtuvo 5 estrellas por el sistema de calificaci\u00f3n QS, la que la posiciona entre las 5 mejores universidades de Latinoam\u00e9rica.<\/p>\n","protected":false},"excerpt":{"rendered":"<p>La Universidad San Ignacio de Loyola firm\u00f3 importante Convenio de Cooperaci\u00f3n Acad\u00e9mica con la Escuela de Derecho de la Fundaci\u00f3n Getulio Vargas. Este acuerdo permitir\u00e1 a nuestro claustro acad\u00e9mico de la Facultad de Derecho, poder ser part\u00edcipe de los diferentes proyectos de colaboraci\u00f3n conjunta internacional como Visiting Professor, Intercambios Acad\u00e9micos de alumnos y docentes, proyectos [&hellip;]<\/p>\n","protected":false},"author":2,"featured_media":2018,"comment_status":"open","ping_status":"open","sticky":false,"template":"","format":"standard","meta":[],"categories":[395],"tags":[],"facultad":[],"_links":{"self":[{"href":"https:\/\/internacional.usil.edu.pe\/nacional\/wp-json\/wp\/v2\/posts\/2017"}],"collection":[{"href":"https:\/\/internacional.usil.edu.pe\/nacional\/wp-json\/wp\/v2\/posts"}],"about":[{"href":"https:\/\/internacional.usil.edu.pe\/nacional\/wp-json\/wp\/v2\/types\/post"}],"author":[{"embeddable":true,"href":"https:\/\/internacional.usil.edu.pe\/nacional\/wp-json\/wp\/v2\/users\/2"}],"replies":[{"embeddable":true,"href":"https:\/\/internacional.usil.edu.pe\/nacional\/wp-json\/wp\/v2\/comments?post=2017"}],"version-history":[{"count":1,"href":"https:\/\/internacional.usil.edu.pe\/nacional\/wp-json\/wp\/v2\/posts\/2017\/revisions"}],"predecessor-version":[{"id":2019,"href":"https:\/\/internacional.usil.edu.pe\/nacional\/wp-json\/wp\/v2\/posts\/2017\/revisions\/2019"}],"wp:featuredmedia":[{"embeddable":true,"href":"https:\/\/internacional.usil.edu.pe\/nacional\/wp-json\/wp\/v2\/media\/2018"}],"wp:attachment":[{"href":"https:\/\/internacional.usil.edu.pe\/nacional\/wp-json\/wp\/v2\/media?parent=2017"}],"wp:term":[{"taxonomy":"category","embeddable":true,"href":"https:\/\/internacional.usil.edu.pe\/nacional\/wp-json\/wp\/v2\/categories?post=2017"},{"taxonomy":"post_tag","embeddable":true,"href":"https:\/\/internacional.usil.edu.pe\/nacional\/wp-json\/wp\/v2\/tags?post=2017"},{"taxonomy":"facultad","embeddable":true,"href":"https:\/\/internacional.usil.edu.pe\/nacional\/wp-json\/wp\/v2\/facultad?post=2017"}],"curies":[{"name":"wp","href":"https:\/\/api.w.org\/{rel}","templated":true}]}}