{"id":1851,"date":"2020-10-20T15:00:41","date_gmt":"2020-10-20T20:00:41","guid":{"rendered":"https:\/\/internacional.usil.edu.pe\/nacional\/?p=1851"},"modified":"2020-11-04T15:43:34","modified_gmt":"2020-11-04T20:43:34","slug":"international-visiting-professor-florencia-garcia-casali-argentina","status":"publish","type":"post","link":"https:\/\/internacional.usil.edu.pe\/nacional\/international-visiting-professor-florencia-garcia-casali-argentina\/","title":{"rendered":"International Visiting Professor: Florencia Garc\u00eda Casali &#8211; Argentina"},"content":{"rendered":"\n<p>La Universidad San Ignacio de Loyola ??  invit\u00f3 a la profesora Florencia Garc\u00eda Casali de la Universidad Argentina de la Empresa (UADE) ?? , en el marco de \u201cCooperaci\u00f3n Acad\u00e9mica Internacional &#8211; Profesor Visitante\u201d, para dictar una clase sobre \u201cRecursos Forestales\u201d en el curso de Servicios Ecosist\u00e9micos.<br><br>Con el fin de promover&nbsp;la internacionalizaci\u00f3n mediante el intercambio de clases magistrales entre docentes y estudiantes&nbsp;partners.&nbsp;<\/p>\n\n\n\n<p><strong>Profesora Visitante de la Universidad Argentina de la Empresa (UADE)<\/strong><\/p>\n\n\n\n<div class=\"wp-block-media-text alignwide is-stacked-on-mobile\" style=\"grid-template-columns:15% auto\"><figure class=\"wp-block-media-text__media\"><img loading=\"lazy\" width=\"150\" height=\"150\" src=\"https:\/\/internacional.usil.edu.pe\/nacional\/wp-content\/uploads\/2020\/11\/Florencia-Garci\u0301a.png\" alt=\"\" class=\"wp-image-1852\"\/><\/figure><div class=\"wp-block-media-text__content\">\n<p><strong><strong>Florencia Garc\u00eda Casali<\/strong><\/strong><br>Prof. Adjunta en varias materias de la Lic. en Gesti\u00f3n Ambiental y la Lic. en Gesti\u00f3n y Producci\u00f3n Agropecuaria de la Universidad Argentina de la Empresa. Lic. En Ingenier\u00eda Agron\u00f3mica en la Universidad de Buenos Aires. Participa de una l\u00ednea de investigaci\u00f3n relacionada con los bio insumos de uso agr\u00edcolas. Con experiencia en producci\u00f3n org\u00e1nica y agroecol\u00f3gica, en la cual continua investigando y estudiando al respecto.<\/p>\n<\/div><\/div>\n\n\n\n<p>Mira el <a href=\"https:\/\/zoom.us\/rec\/play\/ZvbqzHWcJjj9ziwJ0fC9bl1eI1EbsoPcnVQf4QziPCaI6-Zu4cke6gw8qjoubLjykfdZ19LXTRZrIzpD.lAV55U4McFmI27w_?continueMode=true\" target=\"_blank\" rel=\"noreferrer noopener\">video completo.<\/a><\/p>\n","protected":false},"excerpt":{"rendered":"<p>La Universidad San Ignacio de Loyola ?? invit\u00f3 a la profesora Florencia Garc\u00eda Casali de la Universidad Argentina de la Empresa (UADE) ?? , en el marco de \u201cCooperaci\u00f3n Acad\u00e9mica Internacional &#8211; Profesor Visitante\u201d, para dictar una clase sobre \u201cRecursos Forestales\u201d en el curso de Servicios Ecosist\u00e9micos. Con el fin de promover&nbsp;la internacionalizaci\u00f3n mediante el [&hellip;]<\/p>\n","protected":false},"author":3,"featured_media":1853,"comment_status":"open","ping_status":"open","sticky":false,"template":"","format":"standard","meta":[],"categories":[395],"tags":[],"facultad":[],"_links":{"self":[{"href":"https:\/\/internacional.usil.edu.pe\/nacional\/wp-json\/wp\/v2\/posts\/1851"}],"collection":[{"href":"https:\/\/internacional.usil.edu.pe\/nacional\/wp-json\/wp\/v2\/posts"}],"about":[{"href":"https:\/\/internacional.usil.edu.pe\/nacional\/wp-json\/wp\/v2\/types\/post"}],"author":[{"embeddable":true,"href":"https:\/\/internacional.usil.edu.pe\/nacional\/wp-json\/wp\/v2\/users\/3"}],"replies":[{"embeddable":true,"href":"https:\/\/internacional.usil.edu.pe\/nacional\/wp-json\/wp\/v2\/comments?post=1851"}],"version-history":[{"count":2,"href":"https:\/\/internacional.usil.edu.pe\/nacional\/wp-json\/wp\/v2\/posts\/1851\/revisions"}],"predecessor-version":[{"id":1855,"href":"https:\/\/internacional.usil.edu.pe\/nacional\/wp-json\/wp\/v2\/posts\/1851\/revisions\/1855"}],"wp:featuredmedia":[{"embeddable":true,"href":"https:\/\/internacional.usil.edu.pe\/nacional\/wp-json\/wp\/v2\/media\/1853"}],"wp:attachment":[{"href":"https:\/\/internacional.usil.edu.pe\/nacional\/wp-json\/wp\/v2\/media?parent=1851"}],"wp:term":[{"taxonomy":"category","embeddable":true,"href":"https:\/\/internacional.usil.edu.pe\/nacional\/wp-json\/wp\/v2\/categories?post=1851"},{"taxonomy":"post_tag","embeddable":true,"href":"https:\/\/internacional.usil.edu.pe\/nacional\/wp-json\/wp\/v2\/tags?post=1851"},{"taxonomy":"facultad","embeddable":true,"href":"https:\/\/internacional.usil.edu.pe\/nacional\/wp-json\/wp\/v2\/facultad?post=1851"}],"curies":[{"name":"wp","href":"https:\/\/api.w.org\/{rel}","templated":true}]}}