{"id":1839,"date":"2020-10-30T20:00:32","date_gmt":"2020-10-31T01:00:32","guid":{"rendered":"https:\/\/internacional.usil.edu.pe\/nacional\/?p=1839"},"modified":"2020-11-04T14:59:49","modified_gmt":"2020-11-04T19:59:49","slug":"international-visiting-professor-david-caceres-peru","status":"publish","type":"post","link":"https:\/\/internacional.usil.edu.pe\/nacional\/international-visiting-professor-david-caceres-peru\/","title":{"rendered":"International Visiting Professor: David C\u00e1ceres &#8211; Per\u00fa"},"content":{"rendered":"\n<p>La Universidad Tecnol\u00f3gica ECOTEC ??  invit\u00f3 al profesor Michael Zelada de la Universidad San Ignacio de Loyola ?? , en el marco de \u201cCooperaci\u00f3n Acad\u00e9mica Internacional &#8211; Profesor Visitante\u201d, para dictar una clase sobre \u201cFunci\u00f3n de la paz en el desarrollo. Desde la \u00f3ptica de Naciones Unidas.\u201d en el curso de Evaluaci\u00f3n de Proyectos de Cooperaci\u00f3n Internacional.<\/p>\n\n\n\n<p>Con el fin de promover\u00a0la internacionalizaci\u00f3n mediante el intercambio de clases magistrales entre docentes y estudiantes\u00a0partners.\u00a0Profundizar sobre el desarrollo de la paz dentro de la \u00f3ptica de las Naciones Unidas.<\/p>\n\n\n\n<p><strong><strong>Profesor Visitante de la Universidad San Ignacio de Loyola (USIL)<\/strong><\/strong><\/p>\n\n\n\n<div class=\"wp-block-media-text alignwide is-stacked-on-mobile\" style=\"grid-template-columns:15% auto\"><figure class=\"wp-block-media-text__media\"><img loading=\"lazy\" width=\"150\" height=\"150\" src=\"https:\/\/internacional.usil.edu.pe\/nacional\/wp-content\/uploads\/2020\/11\/david-caceres.png\" alt=\"\" class=\"wp-image-1842\"\/><\/figure><div class=\"wp-block-media-text__content\">\n<p><strong><strong>David C\u00e1ceres<\/strong><\/strong><br>Candidato a Doctor en Ciencias de la Educaci\u00f3n de la Universidad Nacional de Educaci\u00f3n Enrique Guzm\u00e1n y Valle, Magister en Planeamiento Operacional y Toma de Decisiones de la Escuela de Guerra del Ej\u00e9rcito Peruano. Ingeniero Licenciado en Medios Radioel\u00e9ctricos Rusia, Oficial de Ejercito con m\u00e1s de 30 a\u00f1os de experiencia en Planeamiento Estrat\u00e9gico, Toma de Decisiones y Planificaci\u00f3n de la Educaci\u00f3n. Ex Funcionario Senior del Departamento de Operaciones de Paz de Las Naciones Unidas NYC, USA, Consultor en Cooperaci\u00f3n Internacional, Ex Consultor de Negociaci\u00f3n y Gesti\u00f3n del Conflicto en Operaciones de Paz del Centro Pearson Canad\u00e1. Docente de la Carrera de Relaciones Internacionales USIL.<\/p>\n<\/div><\/div>\n\n\n\n<p><\/p>\n","protected":false},"excerpt":{"rendered":"<p>La Universidad Tecnol\u00f3gica ECOTEC ?? invit\u00f3 al profesor Michael Zelada de la Universidad San Ignacio de Loyola ?? , en el marco de \u201cCooperaci\u00f3n Acad\u00e9mica Internacional &#8211; Profesor Visitante\u201d, para dictar una clase sobre \u201cFunci\u00f3n de la paz en el desarrollo. Desde la \u00f3ptica de Naciones Unidas.\u201d en el curso de Evaluaci\u00f3n de Proyectos de [&hellip;]<\/p>\n","protected":false},"author":3,"featured_media":1843,"comment_status":"open","ping_status":"open","sticky":false,"template":"","format":"standard","meta":[],"categories":[395],"tags":[],"facultad":[],"_links":{"self":[{"href":"https:\/\/internacional.usil.edu.pe\/nacional\/wp-json\/wp\/v2\/posts\/1839"}],"collection":[{"href":"https:\/\/internacional.usil.edu.pe\/nacional\/wp-json\/wp\/v2\/posts"}],"about":[{"href":"https:\/\/internacional.usil.edu.pe\/nacional\/wp-json\/wp\/v2\/types\/post"}],"author":[{"embeddable":true,"href":"https:\/\/internacional.usil.edu.pe\/nacional\/wp-json\/wp\/v2\/users\/3"}],"replies":[{"embeddable":true,"href":"https:\/\/internacional.usil.edu.pe\/nacional\/wp-json\/wp\/v2\/comments?post=1839"}],"version-history":[{"count":2,"href":"https:\/\/internacional.usil.edu.pe\/nacional\/wp-json\/wp\/v2\/posts\/1839\/revisions"}],"predecessor-version":[{"id":1845,"href":"https:\/\/internacional.usil.edu.pe\/nacional\/wp-json\/wp\/v2\/posts\/1839\/revisions\/1845"}],"wp:featuredmedia":[{"embeddable":true,"href":"https:\/\/internacional.usil.edu.pe\/nacional\/wp-json\/wp\/v2\/media\/1843"}],"wp:attachment":[{"href":"https:\/\/internacional.usil.edu.pe\/nacional\/wp-json\/wp\/v2\/media?parent=1839"}],"wp:term":[{"taxonomy":"category","embeddable":true,"href":"https:\/\/internacional.usil.edu.pe\/nacional\/wp-json\/wp\/v2\/categories?post=1839"},{"taxonomy":"post_tag","embeddable":true,"href":"https:\/\/internacional.usil.edu.pe\/nacional\/wp-json\/wp\/v2\/tags?post=1839"},{"taxonomy":"facultad","embeddable":true,"href":"https:\/\/internacional.usil.edu.pe\/nacional\/wp-json\/wp\/v2\/facultad?post=1839"}],"curies":[{"name":"wp","href":"https:\/\/api.w.org\/{rel}","templated":true}]}}