{"id":1771,"date":"2020-09-30T16:00:00","date_gmt":"2020-09-30T21:00:00","guid":{"rendered":"https:\/\/internacional.usil.edu.pe\/nacional\/?p=1771"},"modified":"2020-11-03T19:18:08","modified_gmt":"2020-11-04T00:18:08","slug":"international-visiting-professor-clara-ines","status":"publish","type":"post","link":"https:\/\/internacional.usil.edu.pe\/nacional\/international-visiting-professor-clara-ines\/","title":{"rendered":"International Visiting Professor: Clara In\u00e9s &#8211; Colombia"},"content":{"rendered":"\n<p>La Universidad San Ignacio de Loyola ?? invit\u00f3 a la profesora Clara In\u00e9s S\u00e1nchez de la Universidad Externado de Colombia ??, en el marco de \u201cProfesor Visitante\u201d, para dictar una clase sobre \u201cEl Patrimonio Cultural Inmaterial en la Experiencia Tur\u00edstica\u201d, en el curso de Turismo Gastron\u00f3mico Sostenible.<\/p>\n\n\n\n<p>Con el fin de incrementar la calidad acad\u00e9mica de las clases con profesores del extranjero que aporten diferentes puntos de vista, y promover la interacci\u00f3n acad\u00e9mica entre estudiantes del extranjero con los estudiantes USIL.<\/p>\n\n\n\n<p><strong>Profesora Visitante de la Universidad Externado de Colombia<\/strong><\/p>\n\n\n\n<div class=\"wp-block-media-text alignwide is-stacked-on-mobile\" style=\"grid-template-columns:15% auto\"><figure class=\"wp-block-media-text__media\"><img loading=\"lazy\" width=\"150\" height=\"150\" src=\"https:\/\/internacional.usil.edu.pe\/nacional\/wp-content\/uploads\/2020\/11\/ClaraInes.png\" alt=\"\" class=\"wp-image-1772\"\/><\/figure><div class=\"wp-block-media-text__content\">\n<p><strong><strong>Clara In\u00e9s S\u00e1nchez Arciniegas<\/strong><\/strong><br>Docente &#8211; Investigadora de la Universidad Externado de Colombia FAETH. Candidata a Doctora en Estudios Pol\u00edticos, Universidad Externado de Colombia. Master en gesti\u00f3n, desarrollo y pol\u00edticas culturales de la Universidad de Girona (Espa\u00f1a) y Unesco (Par\u00eds). Master en Gesti\u00f3n Cultural de la UOC de Barcelona- U de Girona- Islas Baleares (Espa\u00f1a). Especialista en Gerencia y Gesti\u00f3n Cultural. Administradora de Hoteler\u00eda y Turismo, Universidad Externado de Colombia.<\/p>\n<\/div><\/div>\n\n\n\n<p>Mira el <a href=\"https:\/\/zoom.us\/rec\/play\/YOTIa3-mf2aRJi7YBhpEdzvIFs4jbASq9JQJk-LOlke4LEiby4TTtSGPeLt3Da5KmJVUglhfWCZRqW8m.8Hxg8L2Zg-4G2kSp\" target=\"_blank\" rel=\"noreferrer noopener\">video completo<\/a>.<\/p>\n","protected":false},"excerpt":{"rendered":"<p>La Universidad San Ignacio de Loyola ?? invit\u00f3 a la profesora Clara In\u00e9s S\u00e1nchez de la Universidad Externado de Colombia ??, en el marco de \u201cProfesor Visitante\u201d, para dictar una clase sobre \u201cEl Patrimonio Cultural Inmaterial en la Experiencia Tur\u00edstica\u201d, en el curso de Turismo Gastron\u00f3mico Sostenible. Con el fin de incrementar la calidad acad\u00e9mica [&hellip;]<\/p>\n","protected":false},"author":3,"featured_media":1773,"comment_status":"open","ping_status":"open","sticky":false,"template":"","format":"standard","meta":[],"categories":[395],"tags":[],"facultad":[],"_links":{"self":[{"href":"https:\/\/internacional.usil.edu.pe\/nacional\/wp-json\/wp\/v2\/posts\/1771"}],"collection":[{"href":"https:\/\/internacional.usil.edu.pe\/nacional\/wp-json\/wp\/v2\/posts"}],"about":[{"href":"https:\/\/internacional.usil.edu.pe\/nacional\/wp-json\/wp\/v2\/types\/post"}],"author":[{"embeddable":true,"href":"https:\/\/internacional.usil.edu.pe\/nacional\/wp-json\/wp\/v2\/users\/3"}],"replies":[{"embeddable":true,"href":"https:\/\/internacional.usil.edu.pe\/nacional\/wp-json\/wp\/v2\/comments?post=1771"}],"version-history":[{"count":5,"href":"https:\/\/internacional.usil.edu.pe\/nacional\/wp-json\/wp\/v2\/posts\/1771\/revisions"}],"predecessor-version":[{"id":1802,"href":"https:\/\/internacional.usil.edu.pe\/nacional\/wp-json\/wp\/v2\/posts\/1771\/revisions\/1802"}],"wp:featuredmedia":[{"embeddable":true,"href":"https:\/\/internacional.usil.edu.pe\/nacional\/wp-json\/wp\/v2\/media\/1773"}],"wp:attachment":[{"href":"https:\/\/internacional.usil.edu.pe\/nacional\/wp-json\/wp\/v2\/media?parent=1771"}],"wp:term":[{"taxonomy":"category","embeddable":true,"href":"https:\/\/internacional.usil.edu.pe\/nacional\/wp-json\/wp\/v2\/categories?post=1771"},{"taxonomy":"post_tag","embeddable":true,"href":"https:\/\/internacional.usil.edu.pe\/nacional\/wp-json\/wp\/v2\/tags?post=1771"},{"taxonomy":"facultad","embeddable":true,"href":"https:\/\/internacional.usil.edu.pe\/nacional\/wp-json\/wp\/v2\/facultad?post=1771"}],"curies":[{"name":"wp","href":"https:\/\/api.w.org\/{rel}","templated":true}]}}