{"id":1749,"date":"2020-09-30T15:12:00","date_gmt":"2020-09-30T20:12:00","guid":{"rendered":"https:\/\/internacional.usil.edu.pe\/nacional\/?p=1749"},"modified":"2020-11-03T15:22:42","modified_gmt":"2020-11-03T20:22:42","slug":"heroes-de-la-repatriacion","status":"publish","type":"post","link":"https:\/\/internacional.usil.edu.pe\/nacional\/heroes-de-la-repatriacion\/","title":{"rendered":"H\u00e9roes de la Repatriaci\u00f3n"},"content":{"rendered":"\n<p>La Embajada de Estados Unidos en Per\u00fa realiz\u00f3 una significativa ceremonia virtual para destacar el arduo trabajo de Josemar\u00eda Delgado Velasco,<strong>&nbsp;<\/strong>International&nbsp;Product&nbsp;Manager y Roc\u00edo&nbsp;Baldarrago&nbsp;Valdivia, Head of International&nbsp;Alliances, por&nbsp;formar parte del grupo de personas que lograron&nbsp;la repatriaci\u00f3n de&nbsp;m\u00e1s de 8 mil&nbsp;ciudadanos americanos durante la pandemia originada por el Covid-19.&nbsp;<\/p>\n\n\n\n<p>Ambos representantes de nuestra casa de estudios fueron calificados como&nbsp;<strong>H\u00e9roes de la Repatriaci\u00f3n<\/strong>&nbsp;por&nbsp;el cuerpo diplom\u00e1tico de la embajada americana conformado por&nbsp;el Sr. Silvio Gonz\u00e1lez, consejero para Asuntos de&nbsp;Prensa, Cultura y Educaci\u00f3n y La Sra. Rebecca&nbsp;Webb, agregada para Asuntos de Cultura y Educaci\u00f3n.&nbsp;<\/p>\n\n\n\n<p>Josemar\u00eda Delgado destac\u00f3 que se vivieron meses de mucha&nbsp;tensi\u00f3n&nbsp;durante el anuncio mundial de la&nbsp;propagaci\u00f3n del Covid-19, debido a que ten\u00edan bajo su responsabilidad la repatriaci\u00f3n de estudiantes extranjeros que se encontraban en nuestro pa\u00eds y alumnos USIL que se&nbsp;encontraban en distintas partes del mundo.<em>&nbsp;<\/em><em>\u201cLos<\/em><em>&nbsp;principales retos fueron el cierre de fronteras y la cancelaci\u00f3n de vuelos internacionales, la extensi\u00f3n de los permisos de permanencia, el temor de los alumnos de contagiarse o contagiar a sus familiares,&nbsp;<\/em><em>y,<\/em><em>&nbsp;sobre todo lidiar con la preocupaci\u00f3n natural de las familias.&nbsp;<\/em><em>Estamos muy agradecidos por el apoyo que nos brind\u00f3 la Embajada de Estados Unidos para obtener este logro\u201d.<\/em>&nbsp;<\/p>\n\n\n\n<p>Asimismo,&nbsp;destac\u00f3 que se siente honrado por recibir tan honorable reconocimiento.&nbsp;<em>\u201c<\/em><em>Ha sido un a\u00f1o muy complicado por&nbsp;<\/em><em>la coyuntura&nbsp;<\/em><em>internacional, y pienso que todo profesional anhela aportar sus conocimientos y ayudar a la sociedad en momentos dif\u00edciles como \u00e9ste.<\/em><em>&nbsp;<\/em><em>Me siento honrado de haber sido considerado por la Embajada de Estados Unidos como H\u00e9roe de la Repatriaci\u00f3n 2020<\/em><em>, l<\/em><em>o alcanzado ha sido producto del esfuerzo conjunto de muchas personas unidas por un hermoso fin<\/em><em>\u201d.<\/em>&nbsp;<\/p>\n\n\n\n<p>USIL celebra los esfuerzos\u00a0de Josemar\u00eda Delgado, Roc\u00edo\u00a0Bald\u00e1rrago\u00a0y la\u00a0Direcci\u00f3n de Relaciones Internacionales\u00a0en su conjunto\u00a0por\u00a0lograr el retorno de nuestros\u00a0estudiantes peruanos y extranjeros a sus hogares, sanos y salvos.\u00a0<\/p>\n","protected":false},"excerpt":{"rendered":"<p>La Embajada de Estados Unidos en Per\u00fa realiz\u00f3 una significativa ceremonia virtual para destacar el arduo trabajo de Josemar\u00eda Delgado Velasco,&nbsp;International&nbsp;Product&nbsp;Manager y Roc\u00edo&nbsp;Baldarrago&nbsp;Valdivia, Head of International&nbsp;Alliances, por&nbsp;formar parte del grupo de personas que lograron&nbsp;la repatriaci\u00f3n de&nbsp;m\u00e1s de 8 mil&nbsp;ciudadanos americanos durante la pandemia originada por el Covid-19.&nbsp; Ambos representantes de nuestra casa de estudios fueron [&hellip;]<\/p>\n","protected":false},"author":1,"featured_media":1752,"comment_status":"open","ping_status":"open","sticky":false,"template":"","format":"standard","meta":[],"categories":[395],"tags":[],"facultad":[],"_links":{"self":[{"href":"https:\/\/internacional.usil.edu.pe\/nacional\/wp-json\/wp\/v2\/posts\/1749"}],"collection":[{"href":"https:\/\/internacional.usil.edu.pe\/nacional\/wp-json\/wp\/v2\/posts"}],"about":[{"href":"https:\/\/internacional.usil.edu.pe\/nacional\/wp-json\/wp\/v2\/types\/post"}],"author":[{"embeddable":true,"href":"https:\/\/internacional.usil.edu.pe\/nacional\/wp-json\/wp\/v2\/users\/1"}],"replies":[{"embeddable":true,"href":"https:\/\/internacional.usil.edu.pe\/nacional\/wp-json\/wp\/v2\/comments?post=1749"}],"version-history":[{"count":2,"href":"https:\/\/internacional.usil.edu.pe\/nacional\/wp-json\/wp\/v2\/posts\/1749\/revisions"}],"predecessor-version":[{"id":1753,"href":"https:\/\/internacional.usil.edu.pe\/nacional\/wp-json\/wp\/v2\/posts\/1749\/revisions\/1753"}],"wp:featuredmedia":[{"embeddable":true,"href":"https:\/\/internacional.usil.edu.pe\/nacional\/wp-json\/wp\/v2\/media\/1752"}],"wp:attachment":[{"href":"https:\/\/internacional.usil.edu.pe\/nacional\/wp-json\/wp\/v2\/media?parent=1749"}],"wp:term":[{"taxonomy":"category","embeddable":true,"href":"https:\/\/internacional.usil.edu.pe\/nacional\/wp-json\/wp\/v2\/categories?post=1749"},{"taxonomy":"post_tag","embeddable":true,"href":"https:\/\/internacional.usil.edu.pe\/nacional\/wp-json\/wp\/v2\/tags?post=1749"},{"taxonomy":"facultad","embeddable":true,"href":"https:\/\/internacional.usil.edu.pe\/nacional\/wp-json\/wp\/v2\/facultad?post=1749"}],"curies":[{"name":"wp","href":"https:\/\/api.w.org\/{rel}","templated":true}]}}