{"id":1559,"date":"2020-05-29T18:40:00","date_gmt":"2020-05-29T23:40:00","guid":{"rendered":"https:\/\/internacional.usil.edu.pe\/nacional\/?p=1559"},"modified":"2020-09-13T14:19:25","modified_gmt":"2020-09-13T19:19:25","slug":"la-reactivacion-economica-frente-al-covid-19","status":"publish","type":"post","link":"https:\/\/internacional.usil.edu.pe\/nacional\/la-reactivacion-economica-frente-al-covid-19\/","title":{"rendered":"La Reactivaci\u00f3n Econ\u00f3mica frente al COVID-19"},"content":{"rendered":"\n<p>D\u00eda: Viernes 29 de mayo de 2020<br>Hora: 6:00 p.m. (Per\u00fa y Colombia) | 8:00 p.m. (Argentina)<br>Plataforma: Zoom<\/p>\n\n\n\n<p><strong>Ponentes:<\/strong><\/p>\n\n\n\n<div class=\"wp-block-media-text alignwide is-stacked-on-mobile\" style=\"grid-template-columns:15% auto\"><figure class=\"wp-block-media-text__media\"><img loading=\"lazy\" width=\"150\" height=\"150\" src=\"https:\/\/internacional.usil.edu.pe\/nacional\/wp-content\/uploads\/2020\/09\/KarinaD.jpg\" alt=\"\" class=\"wp-image-1592\"\/><\/figure><div class=\"wp-block-media-text__content\">\n<p><strong>Karina D\u00edaz<\/strong><br>Mag\u00edster en Direcci\u00f3n de Empresas por UADE Business School. Posgrado en Mercado Capitales por la Universidad de Buenos Aires. Licenciada en Finanzas. Amplia experiencia como docente universitaria.<\/p>\n<\/div><\/div>\n\n\n\n<div class=\"wp-block-media-text alignwide is-stacked-on-mobile\" style=\"grid-template-columns:15% auto\"><figure class=\"wp-block-media-text__media\"><img loading=\"lazy\" width=\"150\" height=\"150\" src=\"https:\/\/internacional.usil.edu.pe\/nacional\/wp-content\/uploads\/2020\/09\/GerardoR.jpg\" alt=\"\" class=\"wp-image-1590\"\/><\/figure><div class=\"wp-block-media-text__content\">\n<p><strong>Gerardo Rojas<\/strong><br>Profesional con m\u00e1s de 20 a\u00f1os de experiencia en el sector financiero, ex Vicepresidente Corporativo y ex Vicepresidente de activos especiales del Banco Standard Chartered Colombia. Consultor asociado Senior en Banca de Inversi\u00f3n.<\/p>\n<\/div><\/div>\n\n\n\n<div class=\"wp-block-media-text alignwide is-stacked-on-mobile\" style=\"grid-template-columns:15% auto\"><figure class=\"wp-block-media-text__media\"><img loading=\"lazy\" width=\"150\" height=\"150\" src=\"https:\/\/internacional.usil.edu.pe\/nacional\/wp-content\/uploads\/2020\/09\/JuanLillo.jpg\" alt=\"\" class=\"wp-image-1591\"\/><\/figure><div class=\"wp-block-media-text__content\">\n<p><strong>Juan Lillo Paredes<\/strong><br>Jefe del Finance and Investment Lab (FILAB) \u2013 USIL. Mag\u00edster en Administraci\u00f3n Estrat\u00e9gica de Empresas por CENTRUM Cat\u00f3lica e International Business Seminar por Babson College. Economista por la Universidad de Lima.<\/p>\n<\/div><\/div>\n\n\n\n<p>Mira el video completo:<\/p>\n\n\n\n<figure class=\"wp-block-embed-youtube wp-block-embed is-type-video is-provider-youtube wp-embed-aspect-16-9 wp-has-aspect-ratio\"><div class=\"wp-block-embed__wrapper\">\n<iframe loading=\"lazy\" title=\"La Reactivaci\u00f3n Econ\u00f3mica frente al COVID-19\" width=\"500\" height=\"281\" src=\"https:\/\/www.youtube.com\/embed\/ro0QBJwRJ_M?start=1&#038;feature=oembed\" frameborder=\"0\" allow=\"accelerometer; autoplay; encrypted-media; gyroscope; picture-in-picture\" allowfullscreen><\/iframe>\n<\/div><\/figure>\n","protected":false},"excerpt":{"rendered":"<p>D\u00eda: Viernes 29 de mayo de 2020Hora: 6:00 p.m. (Per\u00fa y Colombia) | 8:00 p.m. (Argentina)Plataforma: Zoom Ponentes: Karina D\u00edazMag\u00edster en Direcci\u00f3n de Empresas por UADE Business School. Posgrado en Mercado Capitales por la Universidad de Buenos Aires. Licenciada en Finanzas. Amplia experiencia como docente universitaria. Gerardo RojasProfesional con m\u00e1s de 20 a\u00f1os de experiencia [&hellip;]<\/p>\n","protected":false},"author":1,"featured_media":1594,"comment_status":"open","ping_status":"open","sticky":false,"template":"","format":"standard","meta":[],"categories":[1],"tags":[],"facultad":[],"_links":{"self":[{"href":"https:\/\/internacional.usil.edu.pe\/nacional\/wp-json\/wp\/v2\/posts\/1559"}],"collection":[{"href":"https:\/\/internacional.usil.edu.pe\/nacional\/wp-json\/wp\/v2\/posts"}],"about":[{"href":"https:\/\/internacional.usil.edu.pe\/nacional\/wp-json\/wp\/v2\/types\/post"}],"author":[{"embeddable":true,"href":"https:\/\/internacional.usil.edu.pe\/nacional\/wp-json\/wp\/v2\/users\/1"}],"replies":[{"embeddable":true,"href":"https:\/\/internacional.usil.edu.pe\/nacional\/wp-json\/wp\/v2\/comments?post=1559"}],"version-history":[{"count":5,"href":"https:\/\/internacional.usil.edu.pe\/nacional\/wp-json\/wp\/v2\/posts\/1559\/revisions"}],"predecessor-version":[{"id":1693,"href":"https:\/\/internacional.usil.edu.pe\/nacional\/wp-json\/wp\/v2\/posts\/1559\/revisions\/1693"}],"wp:featuredmedia":[{"embeddable":true,"href":"https:\/\/internacional.usil.edu.pe\/nacional\/wp-json\/wp\/v2\/media\/1594"}],"wp:attachment":[{"href":"https:\/\/internacional.usil.edu.pe\/nacional\/wp-json\/wp\/v2\/media?parent=1559"}],"wp:term":[{"taxonomy":"category","embeddable":true,"href":"https:\/\/internacional.usil.edu.pe\/nacional\/wp-json\/wp\/v2\/categories?post=1559"},{"taxonomy":"post_tag","embeddable":true,"href":"https:\/\/internacional.usil.edu.pe\/nacional\/wp-json\/wp\/v2\/tags?post=1559"},{"taxonomy":"facultad","embeddable":true,"href":"https:\/\/internacional.usil.edu.pe\/nacional\/wp-json\/wp\/v2\/facultad?post=1559"}],"curies":[{"name":"wp","href":"https:\/\/api.w.org\/{rel}","templated":true}]}}