{"id":1140,"date":"2020-01-17T08:00:00","date_gmt":"2020-01-17T13:00:00","guid":{"rendered":"https:\/\/internacional.usil.edu.pe\/nacional\/?p=1140"},"modified":"2020-11-04T11:11:43","modified_gmt":"2020-11-04T16:11:43","slug":"alumna-usil-es-becada-por-universidad-alemana","status":"publish","type":"post","link":"https:\/\/internacional.usil.edu.pe\/nacional\/alumna-usil-es-becada-por-universidad-alemana\/","title":{"rendered":"Alumna USIL es becada por universidad alemana"},"content":{"rendered":"\n<p>Paula Negr\u00f3n Bazalar, alumna del s\u00e9ptimo ciclo de la Carrera de Relaciones Internacionales, es una de las estudiantes beneficiadas con la Beca HFWU de la Karlshochschule International University de Alemania.<\/p>\n\n\n\n<p>Gracias al convenio acad\u00e9mico entre dicha instituci\u00f3n y USIL, nuestra alumna tendr\u00e1 la oportunidad de cursar un semestre acad\u00e9mico en la ciudad de Karlsruhe.<\/p>\n\n\n\n<p>Para Paula, vivir esta experiencia internacional implica asumir un gran reto que fortalecer\u00e1 su formaci\u00f3n profesional.<\/p>\n\n\n\n<p><em>\u201cS\u00e9 que esto va a ser muy favorable para m\u00ed. Llevar\u00e9 cursos sobre desarrollo sostenible, administraci\u00f3n estrat\u00e9gica y pol\u00edtica exterior. Definitivamente, son materias que me ayudar\u00e1n a comprender las diversas culturas que existen en el mundo\u201d,<\/em>&nbsp;coment\u00f3 Paula Negr\u00f3n, alumna de la Facultad de Derecho.<\/p>\n\n\n\n<p>Paula interactuar\u00e1 con j\u00f3venes de otros pa\u00edses.&nbsp;<em>\u201cLos estudiantes de relaciones internacionales que han sido seleccionados para la beca vienen de \u00c1frica, Asia y Am\u00e9rica Latina, por lo cual siento que voy a enriquecerme y tendr\u00e9 la capacidad de comunicarme con ellos respetando y aprendiendo de sus ideolog\u00edas\u201d<\/em>, coment\u00f3.<\/p>\n\n\n\n<p>La Beca HFWU es una propuesta de la Karlshochschule International University, que consiste en otorgar a los seleccionados durante el intercambio un beneficio econ\u00f3mico de setecientos euros mensuales para gastos de alojamiento, alimentaci\u00f3n, entre otros.<\/p>\n\n\n\n<p>USIL celebra los logros de Paula Negr\u00f3n Bazalar y promueve la formaci\u00f3n de profesionales globales de calidad, capaces de desempe\u00f1arse con \u00e9xito en el mercado nacional e internacional.<\/p>\n\n\n\n<p>Si quieres conocer m\u00e1s sobre las oportunidades internacionales que USIL tiene para ti, escribe a international@usil.edu.pe o realiza tus consultas en la oficina de la Vicepresidencia de Relaciones Internacionales ubicada en el segundo piso del pabell\u00f3n E del campus Gran Almirante Miguel Grau.<\/p>\n","protected":false},"excerpt":{"rendered":"<p>Paula Negr\u00f3n Bazalar, alumna del s\u00e9ptimo ciclo de la Carrera de Relaciones Internacionales, es una de las estudiantes beneficiadas con la Beca HFWU de la Karlshochschule International University de Alemania. Gracias al convenio acad\u00e9mico entre dicha instituci\u00f3n y USIL, nuestra alumna tendr\u00e1 la oportunidad de cursar un semestre acad\u00e9mico en la ciudad de Karlsruhe. Para [&hellip;]<\/p>\n","protected":false},"author":1,"featured_media":1141,"comment_status":"open","ping_status":"open","sticky":false,"template":"","format":"standard","meta":[],"categories":[395],"tags":[],"facultad":[],"_links":{"self":[{"href":"https:\/\/internacional.usil.edu.pe\/nacional\/wp-json\/wp\/v2\/posts\/1140"}],"collection":[{"href":"https:\/\/internacional.usil.edu.pe\/nacional\/wp-json\/wp\/v2\/posts"}],"about":[{"href":"https:\/\/internacional.usil.edu.pe\/nacional\/wp-json\/wp\/v2\/types\/post"}],"author":[{"embeddable":true,"href":"https:\/\/internacional.usil.edu.pe\/nacional\/wp-json\/wp\/v2\/users\/1"}],"replies":[{"embeddable":true,"href":"https:\/\/internacional.usil.edu.pe\/nacional\/wp-json\/wp\/v2\/comments?post=1140"}],"version-history":[{"count":1,"href":"https:\/\/internacional.usil.edu.pe\/nacional\/wp-json\/wp\/v2\/posts\/1140\/revisions"}],"predecessor-version":[{"id":1142,"href":"https:\/\/internacional.usil.edu.pe\/nacional\/wp-json\/wp\/v2\/posts\/1140\/revisions\/1142"}],"wp:featuredmedia":[{"embeddable":true,"href":"https:\/\/internacional.usil.edu.pe\/nacional\/wp-json\/wp\/v2\/media\/1141"}],"wp:attachment":[{"href":"https:\/\/internacional.usil.edu.pe\/nacional\/wp-json\/wp\/v2\/media?parent=1140"}],"wp:term":[{"taxonomy":"category","embeddable":true,"href":"https:\/\/internacional.usil.edu.pe\/nacional\/wp-json\/wp\/v2\/categories?post=1140"},{"taxonomy":"post_tag","embeddable":true,"href":"https:\/\/internacional.usil.edu.pe\/nacional\/wp-json\/wp\/v2\/tags?post=1140"},{"taxonomy":"facultad","embeddable":true,"href":"https:\/\/internacional.usil.edu.pe\/nacional\/wp-json\/wp\/v2\/facultad?post=1140"}],"curies":[{"name":"wp","href":"https:\/\/api.w.org\/{rel}","templated":true}]}}